{"id":265,"date":"2020-11-01T09:57:55","date_gmt":"2020-11-01T08:57:55","guid":{"rendered":"http:\/\/spd-groetzingen.de\/?p=265"},"modified":"2020-11-01T09:57:55","modified_gmt":"2020-11-01T08:57:55","slug":"jahreshauptversammlung-27-10-2020","status":"publish","type":"post","link":"https:\/\/spd-groetzingen.de\/?p=265","title":{"rendered":"Jahreshauptversammlung 27.10.2020"},"content":{"rendered":"\n<p>Mit reichlich Abstand und Mund-Nasen-Schutz trafen sich vergangenen Dienstag die Mitglieder der SPD Gr\u00f6tzingen zu ihrer Jahreshauptversammlung in der Begegnungsst\u00e4tte Gr\u00f6tzingen. Der 1. Vorsitzende Niels D\u00fcrr begr\u00fc\u00dfte herzlich die rund 30 unverzagten SPD-Mitglieder, die trotz Pandemie den politischen Austausch suchten.<\/p>\n\n\n\n<p>Und hier konnte der Ortsverein mit einem politischen Hochkar\u00e4ter, dem OB Frank Mentrup, punkten. Mentrup erinnerte in seinem Vortrag daran, was alles in den letzten acht Jahren seiner Amtszeit in Gr\u00f6tzingen realisiert werden konnte: Das historische Rathaus wurde saniert, die Schule wurde mit 24 Millionen Euro zu einem attraktiven Lernzentrum ausgebaut, als neues Sanierungsgebiet wurde die historische Mitte Gr\u00f6tzingen ausgeschrieben, das Malerdorf Gr\u00f6tzingen mit seinen vielen aktiven Kunst- und Kulturschaffenden entwickelte ein eigenes Kunstkonzept bis hin zum barrierefreien Einsteigen an den S-Bahnhaltestellen \u201eUnterm\u00fchlstra\u00dfe\u201c und \u201eWeinweg\u201c. Doch Mentrup verschwieg auch nicht die aktuellen politischen Herausforderungen: Die Haushaltsberatungen stehen an und sp\u00e4testens mit dem Haushalt 2022\/23 m\u00fcssen die B\u00fcrger sich auf massive K\u00fcrzungen in vielen Bereichen einstellen. Auch die Coronabek\u00e4mpfung besch\u00e4ftigt das Stadtoberhaupt. \u201eJeder von uns kann nicht mehr sicher sein.\u201c, so bewertet Mentrup die aktuelle diffuse Infektionslage. Das Virus l\u00e4sst sich nicht mehr auf einzelne Gruppen zur\u00fcckverfolgen, sondern ist in der breiten Bev\u00f6lkerung angekommen. In den Wahlkampf geht Mentrup mit seinem bisherigen Anspruch, den Austausch mit allen Bev\u00f6lkerungsgruppen zu suchen und gemeinsam Karlsruhe weiterzuentwickeln. Inhaltliche Schwerpunkte m\u00f6chte er in den Bereichen Klimaschutz, Mobilit\u00e4t, soziale Teilhabe sowie nationaler und internationaler Vernetzung setzen. Mit einem eindringlichen Appell w\u00e4hlen zu gehen bzw. die M\u00f6glichkeit der Briefwahl zu nutzen, schloss Mentrup seinen Vortrag.<\/p>\n\n\n\n<figure class=\"wp-block-image size-large is-resized\"><img loading=\"lazy\" decoding=\"async\" src=\"https:\/\/spd-groetzingen.de\/wp-content\/uploads\/2020\/11\/IMG-20201030-WA0001.jpg\" alt=\"\" class=\"wp-image-266\" width=\"630\" height=\"840\" srcset=\"https:\/\/spd-groetzingen.de\/wp-content\/uploads\/2020\/11\/IMG-20201030-WA0001.jpg 768w, https:\/\/spd-groetzingen.de\/wp-content\/uploads\/2020\/11\/IMG-20201030-WA0001-225x300.jpg 225w\" sizes=\"auto, (max-width: 709px) 85vw, (max-width: 909px) 67vw, (max-width: 984px) 61vw, (max-width: 1362px) 45vw, 600px\" \/><figcaption>OB Frank Mentrup mit Silke Bergerhoff (2. Vorsitzende OV Gr\u00f6tzingen) und Niels D\u00fcrr (1. Vorsitzender OV Gr\u00f6tzingen)<\/figcaption><\/figure>\n\n\n\n<p>Ehrenvorsitzender Kurt Fischer gedachte in der Totenehrung an die vier verstorbenen Genossen, die \u00fcber Jahrzehnte Mitglieder im Ortsverein waren und den Ort mitgepr\u00e4gt haben. Der Ortsverein trauert um J\u00fcrgen G\u00fcndel, G\u00fcnter Volz, Rudi Benz und Heinz Bangert.<\/p>\n\n\n\n<p>Niels D\u00fcrr informierte \u00fcber die Arbeit des Vorstandes: Im November 2019 traf sich dieser zu einem ersten Workshop, um k\u00fcnftige Ziele und Schwerpunkte zu erarbeiten. Als ein erstes Ergebnis organisierte die 2. Vorsitzende, Silke Bergerhoff, gemeinsam mit der Gr\u00fcnen Liste Gr\u00f6tzingen ebenfalls im November eine Demonstration gegen den Schleichverkehr in Gr\u00f6tzingen. \u201eAn diesem Thema bleiben wir dran,\u201c, so D\u00fcrr. Am 21. Januar lud der Vorstand zu einer Soir\u00e9e in die Begegnungsst\u00e4tte. Diese wurden von allen Mitgliedern positiv aufgenommen. Am 26. Februar konnte noch der Vortrag von Dr. Baumann \u201eErderhitzung und Demokratie\u201c mit rund 50 Teilnehmern organisiert werden, doch dann bremste der Lockdown s\u00e4mtliche weitere Aktivit\u00e4ten aus. Die Zeit nutzte der Vorstand um die Aufgaben neu zu verteilen. So nahm sich unser j\u00fcngstes Ortsvereinsmitglied, Florian Breier, der Homepage sowie dem Auftritt des Ortsvereins in den neuen Medien an, richtete eine Cloud f\u00fcr den Vorstand ein und optimalisierte die IT-Architektur. Silke Bergerhoff \u00fcbernahm von Hans Dehnicke die Pressearbeit.<\/p>\n\n\n\n<p>K\u00fcnftige inhaltliche Schwerpunkte sah D\u00fcrr in dem Einsatz f\u00fcr den Bau einer Kita. \u201eWenn auf der Ringelberghol keine Kita gebaut wird, dann verschiebt sich auch die Sanierung der Kita Kegelsgrund ins Ungewisse. Die Gruppen sollten w\u00e4hrend der Sanierung in der geplanten Kita am Ringelberghol untergebracht werden\u201c, so D\u00fcrr. \u201eDas werden wir so nicht hinnehmen. Gr\u00f6tzinger Eltern brauchen verl\u00e4ssliche Kitapl\u00e4tze.\u201c Das Sanierungsgebiet \u201eNeue Mitte Gr\u00f6tzingen\u201c sieht D\u00fcrr hingegen auf einem guten Weg. Der Platz an der neuen Fischtreppe wird von der Bev\u00f6lkerung gut angenommen, als n\u00e4chster Schritt ist ein Gr\u00fcnstreifen von der Fischtreppe bis zur Volksbankfiliale geplant. Dieser soll dem nat\u00fcrlichen Verlauf der Prinz nachempfunden werden. \u201eMit Besorgnis beobachten wir hingegen die Entwicklung in der Schule. Herr Jordan hat den Auftrag, ein Konzept f\u00fcr eine Ganztagesgrundschule zu entwickeln. Nach einem schwierigen Auftakt, herrscht nun Funkstille.\u201c, f\u00fchrt D\u00fcrr aus. Nat\u00fcrlich habe Corona viele Aktivit\u00e4ten eingefroren, aber die Eltern werden seitens der Schule in Ungewissheit \u00fcber den aktuellen Stand gehalten. Zum Schluss seiner Rede wies D\u00fcrr auf die geplanten Termine f\u00fcr 2021 hin: am 29.1. soll wieder eine Soir\u00e9e stattfinden, am 16.4. wird es die n\u00e4chste Jahreshauptversammlung geben.<\/p>\n\n\n\n<p>Egon Siegrist, der Fraktionsf\u00fchrer im Ortschaftsrat, schloss sich mit einer kurzen Rede \u00fcber die Arbeit der Fraktion an. Motto der vier Ortschaftsr\u00e4te ist, nicht mit der Menge der Antr\u00e4ge, sondern mit der Qualit\u00e4t der Antr\u00e4ge zu punkten. \u201eWir schreiben keine populistischen Antr\u00e4ge, um die Verwaltung zu besch\u00e4ftigen, sondern suchen die konstruktive Zusammenarbeit mit den anderen Fraktionen und der Verwaltung\u201c, so Siegrist. Die Erfolgsliste ist ist dennoch beachtlich: So wurden auf einen Antrag der Fraktion neue Carsharingparkpl\u00e4tze eingerichtet, das Rathaus 2 erhielt einen barrierefreien Zugang, \u00fcber den Arbeitskreis Baggersee regte die Fraktion die Errichtung von Fahrradst\u00e4ndern am Baggersee an, zudem informierte sie \u00fcber die M\u00f6glichkeit, sich gegen Lichtverschmutzung zu wehren. Themen die Siegrist besonders am Herzen liegen, sind die Einrichtung einer digitalen Anzeige an den Bushaltestellen Gr\u00f6tzingen Nord und Gr\u00f6tzingen Bahnhof sowie die Einf\u00fchrung eines B\u00fcrgerbus. \u201eHier werden wir weiterhin dranbleiben.\u201c, so Siegrist. Ferner unterst\u00fctzte die Fraktion den Antrag der FDP, einen Steg ins Schulgel\u00e4nde von der Fu\u00dfg\u00e4ngerbr\u00fccke \u00fcber die Augustenburgstra\u00dfe weiterzuf\u00fchren. Dieser soll nun kommen. Mit gro\u00dfer Sorge blickt Sigrist auf das B\u00e4derkonzept der Stadt, in dem die Schlie\u00dfung der Hallenb\u00e4der Gr\u00f6tzingen sowohl als auch Durlach in den kommenden zehn Jahren geplant ist. \u201eF\u00fcr den Erhalt unseres Hallenbads m\u00fcssen wir k\u00e4mpfen.\u201c, so Siegrist.<\/p>\n\n\n\n<p>Mit Neuwahlen schloss die Mitgliederversammlung. So zog sich der bisherige stellv. 2. Vorsitzende Matthias Irmscher aus seinem Amt zur\u00fcck, um den Stab an die n\u00e4chste Generation weiterzureichen. Auf seinen Vorschlag hin und mit ausdr\u00fccklichem Beifall aller Vorstandsmitglieder wurde Florian Breier als sein Nachfolger gew\u00e4hlt. Der Vorstand dankt Matthias Irmscher f\u00fcr sein langj\u00e4hriges Engagement und freut sich, dass er dem Ortsverein auch weiterhin mit seinem Rat zur Seite steht. Kurt Fischer erinnerte an die 30j\u00e4hrige konstruktive Zusammenarbeit mit Irmscher und w\u00fcrdigte ihn als ein verdientes Mitglied des Ortsvereins. Aus Altersgr\u00fcnden zog sich auch Dieter Storck aus seinem Amt als Revisor zur\u00fcck. Auch diesem dankt der Vorstand f\u00fcr sein langj\u00e4hriges Engagement. Als neuen Revisor w\u00e4hlte die Versammlung Frank K\u00f6lmel.<\/p>\n\n\n\n<p>Auch die Delegierten f\u00fcr die KDK (Kreisdelegiertenversammlung) wurden neu gew\u00e4hlt. Einstimmung gew\u00e4hlt wurden Karen E\u00dfrich, Meri Uhlig, Niels D\u00fcrr, Silke Bergerhoff sowie Florian Breier. Als Ersatzdeligierte wurden ebenfalls einstimmig Dagmar Renner, Sandra D\u00fcrr, Hans-Ulrich Dehnicke sowie Egon Siegrist gew\u00e4hlt.<\/p>\n","protected":false},"excerpt":{"rendered":"<p>Mit reichlich Abstand und Mund-Nasen-Schutz trafen sich vergangenen Dienstag die Mitglieder der SPD Gr\u00f6tzingen zu ihrer Jahreshauptversammlung in der Begegnungsst\u00e4tte Gr\u00f6tzingen. Der 1. Vorsitzende Niels D\u00fcrr begr\u00fc\u00dfte herzlich die rund &hellip; <a href=\"https:\/\/spd-groetzingen.de\/?p=265\" class=\"more-link\"><span class=\"screen-reader-text\">\u201eJahreshauptversammlung 27.10.2020\u201c <\/span>weiterlesen<\/a><\/p>\n","protected":false},"author":1,"featured_media":0,"comment_status":"open","ping_status":"open","sticky":false,"template":"","format":"standard","meta":{"footnotes":""},"categories":[1],"tags":[],"class_list":["post-265","post","type-post","status-publish","format-standard","hentry","category-uncategorized"],"_links":{"self":[{"href":"https:\/\/spd-groetzingen.de\/index.php?rest_route=\/wp\/v2\/posts\/265","targetHints":{"allow":["GET"]}}],"collection":[{"href":"https:\/\/spd-groetzingen.de\/index.php?rest_route=\/wp\/v2\/posts"}],"about":[{"href":"https:\/\/spd-groetzingen.de\/index.php?rest_route=\/wp\/v2\/types\/post"}],"author":[{"embeddable":true,"href":"https:\/\/spd-groetzingen.de\/index.php?rest_route=\/wp\/v2\/users\/1"}],"replies":[{"embeddable":true,"href":"https:\/\/spd-groetzingen.de\/index.php?rest_route=%2Fwp%2Fv2%2Fcomments&post=265"}],"version-history":[{"count":1,"href":"https:\/\/spd-groetzingen.de\/index.php?rest_route=\/wp\/v2\/posts\/265\/revisions"}],"predecessor-version":[{"id":267,"href":"https:\/\/spd-groetzingen.de\/index.php?rest_route=\/wp\/v2\/posts\/265\/revisions\/267"}],"wp:attachment":[{"href":"https:\/\/spd-groetzingen.de\/index.php?rest_route=%2Fwp%2Fv2%2Fmedia&parent=265"}],"wp:term":[{"taxonomy":"category","embeddable":true,"href":"https:\/\/spd-groetzingen.de\/index.php?rest_route=%2Fwp%2Fv2%2Fcategories&post=265"},{"taxonomy":"post_tag","embeddable":true,"href":"https:\/\/spd-groetzingen.de\/index.php?rest_route=%2Fwp%2Fv2%2Ftags&post=265"}],"curies":[{"name":"wp","href":"https:\/\/api.w.org\/{rel}","templated":true}]}}