{"id":292,"date":"2021-05-13T18:26:00","date_gmt":"2021-05-13T16:26:00","guid":{"rendered":"https:\/\/spd-groetzingen.de\/?p=292"},"modified":"2021-08-20T18:31:33","modified_gmt":"2021-08-20T16:31:33","slug":"silke-bergerhoff-als-spd-ortschaftsraetin-vereidigt","status":"publish","type":"post","link":"https:\/\/spd-groetzingen.de\/?p=292","title":{"rendered":"Silke Bergerhoff als SPD-Ortschaftsr\u00e4tin vereidigt"},"content":{"rendered":"\n<p><strong>Gr\u00f6tzingen, 13. Mai 2021<\/strong> | In der vergangenen Sitzung des Ortschaftsrates Gr\u00f6tzingen vom 12. Mai 2021 wurde Silke Bergerhoff als neues Mitglied der <a href=\"https:\/\/spd-groetzingen.de\/?page_id=117\">SPD-Fraktion<\/a> vereidigt.<\/p>\n\n\n\n<p>Sie folgt gem\u00e4\u00df dem Wahlergebnis von 2019 auf Judith Marvi, die aufgrund eines Umzugs nicht mehr Teil der Fraktion sein kann.<\/p>\n\n\n\n<p>Die SPD Gr\u00f6tzingen dankt Judith Marvi sehr herzlich f\u00fcr ihre Arbeit im Ortschaftsrat und w\u00fcnscht f\u00fcr die Zukunft alles Gute!<\/p>\n\n\n\n<p>^FB<\/p>\n","protected":false},"excerpt":{"rendered":"<p>In der vergangenen Sitzung des Ortschaftsrates Gr\u00f6tzingen vom 12. Mai 2021 wurde Silke Bergerhoff als neues Mitglied der SPD-Fraktion vereidigt.<\/p>\n","protected":false},"author":1,"featured_media":0,"comment_status":"open","ping_status":"open","sticky":false,"template":"","format":"standard","meta":{"footnotes":""},"categories":[1],"tags":[],"class_list":["post-292","post","type-post","status-publish","format-standard","hentry","category-uncategorized"],"_links":{"self":[{"href":"https:\/\/spd-groetzingen.de\/index.php?rest_route=\/wp\/v2\/posts\/292","targetHints":{"allow":["GET"]}}],"collection":[{"href":"https:\/\/spd-groetzingen.de\/index.php?rest_route=\/wp\/v2\/posts"}],"about":[{"href":"https:\/\/spd-groetzingen.de\/index.php?rest_route=\/wp\/v2\/types\/post"}],"author":[{"embeddable":true,"href":"https:\/\/spd-groetzingen.de\/index.php?rest_route=\/wp\/v2\/users\/1"}],"replies":[{"embeddable":true,"href":"https:\/\/spd-groetzingen.de\/index.php?rest_route=%2Fwp%2Fv2%2Fcomments&post=292"}],"version-history":[{"count":2,"href":"https:\/\/spd-groetzingen.de\/index.php?rest_route=\/wp\/v2\/posts\/292\/revisions"}],"predecessor-version":[{"id":294,"href":"https:\/\/spd-groetzingen.de\/index.php?rest_route=\/wp\/v2\/posts\/292\/revisions\/294"}],"wp:attachment":[{"href":"https:\/\/spd-groetzingen.de\/index.php?rest_route=%2Fwp%2Fv2%2Fmedia&parent=292"}],"wp:term":[{"taxonomy":"category","embeddable":true,"href":"https:\/\/spd-groetzingen.de\/index.php?rest_route=%2Fwp%2Fv2%2Fcategories&post=292"},{"taxonomy":"post_tag","embeddable":true,"href":"https:\/\/spd-groetzingen.de\/index.php?rest_route=%2Fwp%2Fv2%2Ftags&post=292"}],"curies":[{"name":"wp","href":"https:\/\/api.w.org\/{rel}","templated":true}]}}