{"id":356,"date":"2022-01-10T18:58:23","date_gmt":"2022-01-10T17:58:23","guid":{"rendered":"https:\/\/spd-groetzingen.de\/?p=356"},"modified":"2022-01-10T18:59:12","modified_gmt":"2022-01-10T17:59:12","slug":"neujahrswuensche-und-ausblick-auf-das-jahr-2022","status":"publish","type":"post","link":"https:\/\/spd-groetzingen.de\/?p=356","title":{"rendered":"Neujahrsw\u00fcnsche und Ausblick auf das Jahr 2022"},"content":{"rendered":"\n<p>Liebe Genoss:innen,<br>liebe Unterst\u00fctzer:innen,<\/p>\n\n\n\n<p>wir hoffen, dass alle gesund in das Jahr 2022 gestartet seid und f\u00fcr das neue Jahr viel Optimismus, Kraft und Lebensfreude im Gep\u00e4ck haben!<\/p>\n\n\n\n<p>Nachdem leider auch im letzten Jahr die Corona-Pandemie viel Gesellschaftliches &#8211; insbesondere das Ehrenamt und somit auch unsere Vereinsarbeit &#8211; im Griff gehabt und ausgebremst hat, gibt es nun doch positivere Stimmen, die auf einen Wechsel in eine endemische Lage hoffen lassen.<\/p>\n\n\n\n<p>Im R\u00fcckblick auf das Jahr 2021 k\u00f6nnen wir als Partei nicht unzufrieden sein. Im Gegenteil waren wir sogar sehr erfolgreich! Seit Dezember stellen wir Sozialdemokraten mit Olaf Scholz wieder einen Bundeskanzler und die Wiederwahl unseres sozialdemokratischen Staatsoberhauptes Frank-Walter Steinmeier zeichnet sich ebenfalls ab.<\/p>\n\n\n\n<p>In Karlsruhe wurde Dr. Frank Mentrup Ende 2019 wiedergew\u00e4hlt und Parsa Marvi ist der Sprung in den Bundestag gelungen. Wir denken, man kann hier definitiv von einer Trendwende im Erscheinungsbild und der Au\u00dfenwirkung unserer &#8222;alten Dame&#8220; SPD reden und darauf sollten wir wieder bewusst stolz sein!<\/p>\n\n\n\n<p>Auch in unserem Ortsverein hat sich 2021 einiges getan. Nachdem wir zu Beginn des Jahres noch vieles absagen mussten, konnten wir im September im Rahmen der Bundestagswahl einige Aktionen durchf\u00fchren und das Event f\u00fcr Toleranz und Vielfalt organisieren, welches ein voller Erfolg gewesen ist. Im Oktober hielten wir au\u00dferdem im Naturfreundehaus ein tolles und sehr gut besuchtes Mitgliedertreffen und im November noch unsere Jahreshauptversammlung ab.<\/p>\n\n\n\n<p>Hier freuen wir uns sehr, dass wir mit Dagmar Renner und Klaus Schoo zwei neue Teammitglieder im Vorstand gewinnen konnten. Sie \u00fcbernehmen die \u00c4mter von Bernd J\u00e4ger (Kassenpr\u00fcfung) und Anja Hollerbach (Schriftf\u00fchrung). Wir m\u00f6chten uns an dieser Stelle noch einmal sehr herzlich bei den beiden freiwillig Ausscheidenden f\u00fcr euren engagierten und jahrelangen Einsatz f\u00fcr unseren Ortsverein danken! Die Zusammenarbeit mit euch hat immer sehr viel Spa\u00df gemacht. Da ihr dem Ortsverein treu bleibt, d\u00fcrfen wir zumindest auf weitere Treffen hoffen!<\/p>\n\n\n\n<p>Zudem konnten wir eine neue <a href=\"https:\/\/spd-groetzingen.de\/?page_id=119\">Mitgliederbeauftragte<\/a> finden und freuen uns sehr, dass Angela Gutjahr-Zipfel sich hierzu bereit erkl\u00e4rt hat. Meldet euch als Mitglied des Ortsvereins bitte bei jeder \u00c4nderung eurer Daten an Tel.: 0178\/7718811 oder per E-Mail an: <a href=\"mailto:biblioserv@web.de\">biblioserv@web.de<\/a>.<\/p>\n\n\n\n<p>In der Fraktion gab es ebenfalls einen Wechsel. Nach dem Umzug von Judith Marvi nach Durlach musste sie ihren Sitz im Ortschaftsrat abgeben. Unsere stellv. Vorsitzende Silke Bergerhoff ist nachger\u00fcckt. Auch Judith danken wir die angenehme Zusammenarbeit, insbesondere w\u00e4hrend der letzten zwei Jahre! Mit Silke Bergerhoff haben wir wieder eine sehr gute Kennerin der Kita- und Schulsituation in Gr\u00f6tzingen in unserer Fraktion, was uns ganz besonders freut.<\/p>\n\n\n\n<p>Wir ihr seht, ist einiges passiert im letzten Jahr. Wir sind gut aufgestellt und motiviert, unsere Arbeit 2022 fortzusetzen. Weiterhin wollen wir uns aktiv f\u00fcr eine Ganztagsschule, die Nachhaltigkeit in Gr\u00f6tzingen (u.a. im Bereich der E-Mobilit\u00e4t), das Voranbringen der Sanierung unserer Ortsmitte sowie ein tolerantes und vielf\u00e4ltiges gesellschaftliches Miteinander einsetzen!<\/p>\n\n\n\n<p>Solltet ihr\/Sie weitere Anregungen oder W\u00fcnsche haben, so lasst es uns gerne wissen. Wir freuen uns \u00fcber jede R\u00fcckmeldung!<\/p>\n\n\n\n<p>Aufgrund der derzeitigen Lage f\u00e4llt es uns schwer, ein fixes Jahresprogramm f\u00fcr 2022 zu planen. Derzeit planen wir eine Soiree am 28.01.2022 und eine Veranstaltung zum auslaufenden Eingemeindungsvetrag am 17.02.2022. \u00dcber weitere Planungen werden wir euch auf dem Laufenden halten (siehe u.a. <a href=\"https:\/\/spd-groetzingen.de\/?post_type=tribe_events\">hier<\/a>).<\/p>\n\n\n\n<p>Euch und euren Lieben w\u00fcnschen wir Optmimismus, Kraft und Zivilcourage f\u00fcr unsere Demokratie und nat\u00fcrlich vor allem Gesundheit, damit wir uns recht bald wieder live treffen k\u00f6nnen &#8211; wir freuen uns sehr darauf!<\/p>\n\n\n\n<p>Herzliche Gr\u00fc\u00dfe<\/p>\n\n\n\n<div class=\"wp-block-columns is-layout-flex wp-container-core-columns-is-layout-9d6595d7 wp-block-columns-is-layout-flex\">\n<div class=\"wp-block-column is-layout-flow wp-block-column-is-layout-flow\">\n<p>Niels D\u00fcrr<\/p>\n<\/div>\n\n\n\n<div class=\"wp-block-column is-layout-flow wp-block-column-is-layout-flow\">\n<p>Silke Bergerhoff<\/p>\n<\/div>\n\n\n\n<div class=\"wp-block-column is-layout-flow wp-block-column-is-layout-flow\">\n<p>Florian Breier<\/p>\n<\/div>\n<\/div>\n\n\n\n<p><\/p>\n","protected":false},"excerpt":{"rendered":"<p>Liebe Genoss:innen,liebe Unterst\u00fctzer:innen, wir hoffen, dass alle gesund in das Jahr 2022 gestartet seid und f\u00fcr das neue Jahr viel Optimismus, Kraft und Lebensfreude im Gep\u00e4ck haben! Nachdem leider auch &hellip; <a href=\"https:\/\/spd-groetzingen.de\/?p=356\" class=\"more-link\"><span class=\"screen-reader-text\">\u201eNeujahrsw\u00fcnsche und Ausblick auf das Jahr 2022\u201c <\/span>weiterlesen<\/a><\/p>\n","protected":false},"author":1,"featured_media":0,"comment_status":"open","ping_status":"open","sticky":false,"template":"","format":"standard","meta":{"footnotes":""},"categories":[13,3],"tags":[],"class_list":["post-356","post","type-post","status-publish","format-standard","hentry","category-mitgliederinnen","category-mitteilungen"],"_links":{"self":[{"href":"https:\/\/spd-groetzingen.de\/index.php?rest_route=\/wp\/v2\/posts\/356","targetHints":{"allow":["GET"]}}],"collection":[{"href":"https:\/\/spd-groetzingen.de\/index.php?rest_route=\/wp\/v2\/posts"}],"about":[{"href":"https:\/\/spd-groetzingen.de\/index.php?rest_route=\/wp\/v2\/types\/post"}],"author":[{"embeddable":true,"href":"https:\/\/spd-groetzingen.de\/index.php?rest_route=\/wp\/v2\/users\/1"}],"replies":[{"embeddable":true,"href":"https:\/\/spd-groetzingen.de\/index.php?rest_route=%2Fwp%2Fv2%2Fcomments&post=356"}],"version-history":[{"count":1,"href":"https:\/\/spd-groetzingen.de\/index.php?rest_route=\/wp\/v2\/posts\/356\/revisions"}],"predecessor-version":[{"id":357,"href":"https:\/\/spd-groetzingen.de\/index.php?rest_route=\/wp\/v2\/posts\/356\/revisions\/357"}],"wp:attachment":[{"href":"https:\/\/spd-groetzingen.de\/index.php?rest_route=%2Fwp%2Fv2%2Fmedia&parent=356"}],"wp:term":[{"taxonomy":"category","embeddable":true,"href":"https:\/\/spd-groetzingen.de\/index.php?rest_route=%2Fwp%2Fv2%2Fcategories&post=356"},{"taxonomy":"post_tag","embeddable":true,"href":"https:\/\/spd-groetzingen.de\/index.php?rest_route=%2Fwp%2Fv2%2Ftags&post=356"}],"curies":[{"name":"wp","href":"https:\/\/api.w.org\/{rel}","templated":true}]}}