{"id":537,"date":"2023-11-02T14:06:13","date_gmt":"2023-11-02T13:06:13","guid":{"rendered":"https:\/\/spd-groetzingen.de\/?p=537"},"modified":"2023-11-02T15:56:30","modified_gmt":"2023-11-02T14:56:30","slug":"neuer-vorstand-gewaehlt","status":"publish","type":"post","link":"https:\/\/spd-groetzingen.de\/?p=537","title":{"rendered":"JHV: Neuer Vorstand gew\u00e4hlt!"},"content":{"rendered":"\n<p>Der <a href=\"https:\/\/spd-groetzingen.de\/?page_id=116\" data-type=\"page\" data-id=\"116\">neue Vorstand<\/a> wurde auf der <strong>Jahreshauptversammlung (JHV) des SPD-Ortsvereins Karlsruhe-Gr\u00f6tzingen am 29.09.2023<\/strong> gew\u00e4hlt. <\/p>\n\n\n\n<figure class=\"wp-block-image size-large\"><img loading=\"lazy\" decoding=\"async\" width=\"1024\" height=\"479\" src=\"https:\/\/spd-groetzingen.de\/wp-content\/uploads\/2023\/11\/Vorstand-SPD-Groetzingen-2023-1024x479.png\" alt=\"\" class=\"wp-image-541\" srcset=\"https:\/\/spd-groetzingen.de\/wp-content\/uploads\/2023\/11\/Vorstand-SPD-Groetzingen-2023-1024x479.png 1024w, https:\/\/spd-groetzingen.de\/wp-content\/uploads\/2023\/11\/Vorstand-SPD-Groetzingen-2023-300x140.png 300w, https:\/\/spd-groetzingen.de\/wp-content\/uploads\/2023\/11\/Vorstand-SPD-Groetzingen-2023-768x359.png 768w, https:\/\/spd-groetzingen.de\/wp-content\/uploads\/2023\/11\/Vorstand-SPD-Groetzingen-2023.png 1201w\" sizes=\"auto, (max-width: 709px) 85vw, (max-width: 909px) 67vw, (max-width: 1362px) 62vw, 840px\" \/><figcaption class=\"wp-element-caption\">Neuer Vorstand der SPD-Gr\u00f6tzingen gemeinsam mit Sibel Uysal am 29.9.23 auf der JHV, Foto\/Text: U-S<\/figcaption><\/figure>\n\n\n\n<p>Froh gestimmt und mit neuem Enthusiasmus geht der SPD-Ortsverein in diese JHV mit <strong>Neuwahlen<\/strong> des <a href=\"https:\/\/spd-groetzingen.de\/?page_id=116\">Vorstands<\/a>. Im vergangenen Jahr war die Umbenennung\/Namenserg\u00e4nzung \u201e<strong>Herbert-Schweizer-Haus<\/strong>\u201c der Begegnungsst\u00e4tte Gr\u00f6tzingen ein wichtiger Erfolg. Ebenso die <strong>Festschrift <\/strong>und das Gedenken zum 100sten Geburtstag des Namensgebers. Jetzt muss weiterhin auf eine w\u00fcrdige Beschilderung des Hauses hingearbeitet werden.<\/p>\n\n\n\n<p>Eine erfolgreiche Veranstaltung war die mit Franz Baumann zur Klimathematik, die auch bei Gemeinderatsmitgliedern und Nicht-Gr\u00f6tzingern Anklang fand. Im April fand ein Workshop zu den Themen, die weiterhin bespielt werden sollen, statt.<\/p>\n\n\n\n<p>Ein Sommerfest beim Naturfreundehaus wurde gesellschaftliches Ereignis des Ortsvereins. Hort und Schule bleiben weiterhin hei\u00dfe Themen des Ortsvereins, ebenso die Sanierung der Ortsmitte (Bebauung, Verkehr, Parkpl\u00e4tze). Und: es bleibt uns ein wichtiges Anliegen, dass <strong>Karen E\u00dfrich weiterhin im Amt der Ortsvorsteherin <\/strong>gehalten wird!<\/p>\n","protected":false},"excerpt":{"rendered":"<p>Der neue Vorstand wurde auf der Jahreshauptversammlung (JHV) des SPD-Ortsvereins Karlsruhe-Gr\u00f6tzingen am 29.09.2023 gew\u00e4hlt. Froh gestimmt und mit neuem Enthusiasmus geht der SPD-Ortsverein in diese JHV mit Neuwahlen des Vorstands. &hellip; <a href=\"https:\/\/spd-groetzingen.de\/?p=537\" class=\"more-link\"><span class=\"screen-reader-text\">\u201eJHV: Neuer Vorstand gew\u00e4hlt!\u201c <\/span>weiterlesen<\/a><\/p>\n","protected":false},"author":1,"featured_media":0,"comment_status":"open","ping_status":"open","sticky":false,"template":"","format":"standard","meta":{"footnotes":""},"categories":[1],"tags":[],"class_list":["post-537","post","type-post","status-publish","format-standard","hentry","category-uncategorized"],"_links":{"self":[{"href":"https:\/\/spd-groetzingen.de\/index.php?rest_route=\/wp\/v2\/posts\/537","targetHints":{"allow":["GET"]}}],"collection":[{"href":"https:\/\/spd-groetzingen.de\/index.php?rest_route=\/wp\/v2\/posts"}],"about":[{"href":"https:\/\/spd-groetzingen.de\/index.php?rest_route=\/wp\/v2\/types\/post"}],"author":[{"embeddable":true,"href":"https:\/\/spd-groetzingen.de\/index.php?rest_route=\/wp\/v2\/users\/1"}],"replies":[{"embeddable":true,"href":"https:\/\/spd-groetzingen.de\/index.php?rest_route=%2Fwp%2Fv2%2Fcomments&post=537"}],"version-history":[{"count":8,"href":"https:\/\/spd-groetzingen.de\/index.php?rest_route=\/wp\/v2\/posts\/537\/revisions"}],"predecessor-version":[{"id":560,"href":"https:\/\/spd-groetzingen.de\/index.php?rest_route=\/wp\/v2\/posts\/537\/revisions\/560"}],"wp:attachment":[{"href":"https:\/\/spd-groetzingen.de\/index.php?rest_route=%2Fwp%2Fv2%2Fmedia&parent=537"}],"wp:term":[{"taxonomy":"category","embeddable":true,"href":"https:\/\/spd-groetzingen.de\/index.php?rest_route=%2Fwp%2Fv2%2Fcategories&post=537"},{"taxonomy":"post_tag","embeddable":true,"href":"https:\/\/spd-groetzingen.de\/index.php?rest_route=%2Fwp%2Fv2%2Ftags&post=537"}],"curies":[{"name":"wp","href":"https:\/\/api.w.org\/{rel}","templated":true}]}}